{"id":11738,"date":"2026-03-16T02:06:48","date_gmt":"2026-03-15T23:06:48","guid":{"rendered":"https:\/\/www.ikberspor.com\/?p=11738"},"modified":"2026-03-16T02:10:42","modified_gmt":"2026-03-15T23:10:42","slug":"elazig-hali-saha-yapimi","status":"publish","type":"post","link":"https:\/\/www.ikberspor.com\/elazig-hali-saha-yapimi\/","title":{"rendered":"Elaz\u0131\u011f Hal\u0131 Saha Yap\u0131m\u0131"},"content":{"rendered":"<p><br \/>\n<br \/>\n<\/p>\n<div style=\"margin-bottom: 35px;\">\n<div id=\"ez-toc-container\" class=\"ez-toc-v2_0_82_2 counter-hierarchy ez-toc-counter ez-toc-grey ez-toc-container-direction\">\n<div class=\"ez-toc-title-container\">\n<p class=\"ez-toc-title\" style=\"cursor:inherit\">icerikler<\/p>\n<span class=\"ez-toc-title-toggle\"><a href=\"#\" class=\"ez-toc-pull-right ez-toc-btn ez-toc-btn-xs ez-toc-btn-default ez-toc-toggle\" aria-label=\"\u0130\u00e7indekiler Tablosunu A\u00e7\/Kapat\"><span class=\"ez-toc-js-icon-con\"><span class=\"\"><span class=\"eztoc-hide\" style=\"display:none;\">Toggle<\/span><span class=\"ez-toc-icon-toggle-span\"><svg style=\"fill: #999;color:#999\" xmlns=\"http:\/\/www.w3.org\/2000\/svg\" class=\"list-377408\" width=\"20px\" height=\"20px\" viewBox=\"0 0 24 24\" fill=\"none\"><path d=\"M6 6H4v2h2V6zm14 0H8v2h12V6zM4 11h2v2H4v-2zm16 0H8v2h12v-2zM4 16h2v2H4v-2zm16 0H8v2h12v-2z\" fill=\"currentColor\"><\/path><\/svg><svg style=\"fill: #999;color:#999\" class=\"arrow-unsorted-368013\" xmlns=\"http:\/\/www.w3.org\/2000\/svg\" width=\"10px\" height=\"10px\" viewBox=\"0 0 24 24\" version=\"1.2\" baseProfile=\"tiny\"><path d=\"M18.2 9.3l-6.2-6.3-6.2 6.3c-.2.2-.3.4-.3.7s.1.5.3.7c.2.2.4.3.7.3h11c.3 0 .5-.1.7-.3.2-.2.3-.5.3-.7s-.1-.5-.3-.7zM5.8 14.7l6.2 6.3 6.2-6.3c.2-.2.3-.5.3-.7s-.1-.5-.3-.7c-.2-.2-.4-.3-.7-.3h-11c-.3 0-.5.1-.7.3-.2.2-.3.5-.3.7s.1.5.3.7z\"\/><\/svg><\/span><\/span><\/span><\/a><\/span><\/div>\n<nav><ul class='ez-toc-list ez-toc-list-level-1 eztoc-toggle-hide-by-default' ><li class='ez-toc-page-1 ez-toc-heading-level-1'><a class=\"ez-toc-link ez-toc-heading-1\" href=\"https:\/\/www.ikberspor.com\/elazig-hali-saha-yapimi\/#Elazig-Hali-Saha-Yapimi-Yuksek-Rakim-ve-Kayalik-Zemin-Uzmanligi-2026\" >Elaz\u0131\u011f Hal\u0131 Saha Yap\u0131m\u0131 | Y\u00fcksek Rak\u0131m ve Kayal\u0131k Zemin Uzmanl\u0131\u011f\u0131 (2026)<\/a><ul class='ez-toc-list-level-2' ><li class='ez-toc-heading-level-2'><a class=\"ez-toc-link ez-toc-heading-2\" href=\"https:\/\/www.ikberspor.com\/elazig-hali-saha-yapimi\/#Elazig-Hali-Saha-Yapimi-Dogu-Anadolunun-Zorlu-Cografyasina-33-Yillik-Cozum\" >Elaz\u0131\u011f Hal\u0131 Saha Yap\u0131m\u0131: Do\u011fu Anadolu&#8217;nun Zorlu Co\u011frafyas\u0131na 33 Y\u0131ll\u0131k \u00c7\u00f6z\u00fcm<\/a><ul class='ez-toc-list-level-4' ><li class='ez-toc-heading-level-4'><ul class='ez-toc-list-level-4' ><li class='ez-toc-heading-level-4'><a class=\"ez-toc-link ez-toc-heading-3\" href=\"https:\/\/www.ikberspor.com\/elazig-hali-saha-yapimi\/#%F0%9F%8E%AF-Elaziga-Ozel-Muhendislik-Cozumlerimiz\" >\ud83c\udfaf Elaz\u0131\u011f&#8217;a \u00d6zel M\u00fchendislik \u00c7\u00f6z\u00fcmlerimiz<\/a><\/li><\/ul><\/li><\/ul><\/li><li class='ez-toc-page-1 ez-toc-heading-level-2'><a class=\"ez-toc-link ez-toc-heading-4\" href=\"https:\/\/www.ikberspor.com\/elazig-hali-saha-yapimi\/#Elazig-ve-Tum-Ilcelerinde-Anahtar-Teslim-Spor-Tesisleri\" >Elaz\u0131\u011f ve T\u00fcm \u0130l\u00e7elerinde Anahtar Teslim Spor Tesisleri<\/a><ul class='ez-toc-list-level-3' ><li class='ez-toc-heading-level-3'><a class=\"ez-toc-link ez-toc-heading-5\" href=\"https:\/\/www.ikberspor.com\/elazig-hali-saha-yapimi\/#Elazig-Acik-Hali-Saha-Yapimi-Kar-Yukune-Dayanikli\" >Elaz\u0131\u011f A\u00e7\u0131k Hal\u0131 Saha Yap\u0131m\u0131 (Kar Y\u00fck\u00fcne Dayan\u0131kl\u0131)<\/a><\/li><li class='ez-toc-page-1 ez-toc-heading-level-3'><a class=\"ez-toc-link ez-toc-heading-6\" href=\"https:\/\/www.ikberspor.com\/elazig-hali-saha-yapimi\/#Elazig-Kapali-Hali-Saha-Yapimi-Sert-Kislar-Icin\" >Elaz\u0131\u011f Kapal\u0131 Hal\u0131 Saha Yap\u0131m\u0131 (Sert K\u0131\u015flar \u0130\u00e7in)<\/a><\/li><li class='ez-toc-page-1 ez-toc-heading-level-3'><a class=\"ez-toc-link ez-toc-heading-7\" href=\"https:\/\/www.ikberspor.com\/elazig-hali-saha-yapimi\/#Elazig-Basketbol-Sahasi-ve-Tenis-Kortu-Yapimi\" >Elaz\u0131\u011f Basketbol Sahas\u0131 ve Tenis Kortu Yap\u0131m\u0131<\/a><\/li><li class='ez-toc-page-1 ez-toc-heading-level-3'><a class=\"ez-toc-link ez-toc-heading-8\" href=\"https:\/\/www.ikberspor.com\/elazig-hali-saha-yapimi\/#Elazig-Nizami-Futbol-Sahasi-ve-Celik-Konstruksiyon\" >Elaz\u0131\u011f Nizami Futbol Sahas\u0131 ve \u00c7elik Konstr\u00fcksiyon<\/a><\/li><\/ul><\/li><li class='ez-toc-page-1 ez-toc-heading-level-2'><a class=\"ez-toc-link ez-toc-heading-9\" href=\"https:\/\/www.ikberspor.com\/elazig-hali-saha-yapimi\/#Elazigda-Hali-Saha-Malzemeleri-ve-Yedek-Parca-Satisi\" >Elaz\u0131\u011f&#8217;da Hal\u0131 Saha Malzemeleri ve Yedek Par\u00e7a Sat\u0131\u015f\u0131<\/a><ul class='ez-toc-list-level-4' ><li class='ez-toc-heading-level-4'><ul class='ez-toc-list-level-4' ><li class='ez-toc-heading-level-4'><a class=\"ez-toc-link ez-toc-heading-10\" href=\"https:\/\/www.ikberspor.com\/elazig-hali-saha-yapimi\/#Elazig-55mm-Sentetik-Cim-ve-Donmaz-Granul-Satisi\" >Elaz\u0131\u011f 55mm Sentetik \u00c7im ve Donmaz Gran\u00fcl Sat\u0131\u015f\u0131<\/a><\/li><li class='ez-toc-page-1 ez-toc-heading-level-4'><a class=\"ez-toc-link ez-toc-heading-11\" href=\"https:\/\/www.ikberspor.com\/elazig-hali-saha-yapimi\/#Elazig-Celik-Konstruksiyon-Malzemeleri\" >Elaz\u0131\u011f \u00c7elik Konstr\u00fcksiyon Malzemeleri<\/a><\/li><li class='ez-toc-page-1 ez-toc-heading-level-4'><a class=\"ez-toc-link ez-toc-heading-12\" href=\"https:\/\/www.ikberspor.com\/elazig-hali-saha-yapimi\/#Elazig-Hali-Saha-Branda-ve-Aydinlatma\" >Elaz\u0131\u011f Hal\u0131 Saha Branda ve Ayd\u0131nlatma<\/a><\/li><\/ul><\/li><\/ul><\/li><li class='ez-toc-page-1 ez-toc-heading-level-2'><a class=\"ez-toc-link ez-toc-heading-13\" href=\"https:\/\/www.ikberspor.com\/elazig-hali-saha-yapimi\/#Elazig-Hali-Saha-Yapimi-Maliyetleri-2026-Guncel\" >Elaz\u0131\u011f Hal\u0131 Saha Yap\u0131m\u0131 Maliyetleri (2026 G\u00fcncel)<\/a><ul class='ez-toc-list-level-3' ><li class='ez-toc-heading-level-3'><a class=\"ez-toc-link ez-toc-heading-14\" href=\"https:\/\/www.ikberspor.com\/elazig-hali-saha-yapimi\/#Elazigda-Hali-Saha-Yaptirmak-Isteyenlerin-Merak-Ettikleri\" >Elaz\u0131\u011f&#8217;da Hal\u0131 Saha Yapt\u0131rmak \u0130steyenlerin Merak Ettikleri<\/a><\/li><\/ul><\/li><li class='ez-toc-page-1 ez-toc-heading-level-2'><a class=\"ez-toc-link ez-toc-heading-15\" href=\"https:\/\/www.ikberspor.com\/elazig-hali-saha-yapimi\/#Elazigdaki-Is-Ortaklarimizdan-Geri-Donusler\" >Elaz\u0131\u011f&#8217;daki \u0130\u015f Ortaklar\u0131m\u0131zdan Geri D\u00f6n\u00fc\u015fler<\/a><ul class='ez-toc-list-level-4' ><li class='ez-toc-heading-level-4'><ul class='ez-toc-list-level-4' ><li class='ez-toc-heading-level-4'><a class=\"ez-toc-link ez-toc-heading-16\" href=\"https:\/\/www.ikberspor.com\/elazig-hali-saha-yapimi\/#%F0%9F%94%97-Diger-Sehirlerdeki-Projelerimiz-ve-Detayli-Hizmetlerimiz\" >\ud83d\udd17 Di\u011fer \u015eehirlerdeki Projelerimiz ve Detayl\u0131 Hizmetlerimiz<\/a><\/li><\/ul><\/li><\/ul><\/li><\/ul><\/li><\/ul><\/nav><\/div>\n<h1 style=\"color: #0056b3; margin-top: 0; font-size: 26px;\"><span class=\"ez-toc-section\" id=\"Elazig-Hali-Saha-Yapimi-Yuksek-Rakim-ve-Kayalik-Zemin-Uzmanligi-2026\"><\/span>Elaz\u0131\u011f Hal\u0131 Saha Yap\u0131m\u0131 | Y\u00fcksek Rak\u0131m ve Kayal\u0131k Zemin Uzmanl\u0131\u011f\u0131 (2026)<span class=\"ez-toc-section-end\"><\/span><\/h1>\n<p style=\"font-size: 17px; line-height: 1.7; color: #444;\"><strong>Elaz\u0131\u011f hal\u0131 saha yapan firmalar<\/strong> aras\u0131nda 33 y\u0131ll\u0131k tecr\u00fcbemizle \u00f6ne \u00e7\u0131k\u0131yoruz. <strong>Elaz\u0131\u011f hal\u0131 saha yap\u0131m\u0131<\/strong>; 1060 metre y\u00fcksek rak\u0131m, sert Do\u011fu Anadolu karasal iklimi, kayal\u0131k zemin yap\u0131s\u0131 ve deprem b\u00f6lgesi \u00f6zel statik hesaplamalar\u0131 gerektiren m\u00fchendislik i\u015fidir. Palu, Karako\u00e7an, Kovanc\u0131lar ve Merkez&#8217;de y\u00fczlerce projeyi tamamlayan <strong>\u0130kber Spor Yap\u0131lar\u0131<\/strong>, <strong>TSE<\/strong> ve <strong>CE belgeli<\/strong> malzemeleriyle <strong>FIFA Quality<\/strong> standartlar\u0131nda, kar y\u00fck\u00fcne dayan\u0131kl\u0131 \u00e7elik konstr\u00fcksiyon ve donmaz gran\u00fcl sistemleri sunar.<\/p>\n<p><\/p>\n<div style=\"display: flex; gap: 15px; flex-wrap: wrap; margin: 25px 0; align-items: center; justify-content: flex-start;\">\n<div style=\"background: linear-gradient(135deg, #f5f7fa 0%, #e4e8ec 100%); border: 2px solid #0056b3; border-radius: 8px; padding: 12px 20px; display: flex; align-items: center; gap: 10px; box-shadow: 0 2px 8px rgba(0,86,179,0.15);\">\n<p><span style=\"font-size: 24px;\">\ud83c\udfc6<\/span><\/p>\n<div>\n<div style=\"font-weight: 800; color: #0056b3; font-size: 13px;\">TSE BELGEL\u0130<\/div>\n<div style=\"font-size: 11px; color: #666;\">TS EN 15330-1<\/div>\n<\/div>\n<\/div>\n<div style=\"background: linear-gradient(135deg, #f5f7fa 0%, #e4e8ec 100%); border: 2px solid #CE0033; border-radius: 8px; padding: 12px 20px; display: flex; align-items: center; gap: 10px; box-shadow: 0 2px 8px rgba(206,0,51,0.15);\">\n<p><span style=\"font-size: 24px;\">\ud83c\uddea\ud83c\uddfa<\/span><\/p>\n<div>\n<div style=\"font-weight: 800; color: #ce0033; font-size: 13px;\">CE \u0130\u015eARET\u0130<\/div>\n<div style=\"font-size: 11px; color: #666;\">Avrupa Standart\u0131<\/div>\n<\/div>\n<\/div>\n<div style=\"background: linear-gradient(135deg, #f5f7fa 0%, #e4e8ec 100%); border: 2px solid #1a5f2a; border-radius: 8px; padding: 12px 20px; display: flex; align-items: center; gap: 10px; box-shadow: 0 2px 8px rgba(26,95,42,0.15);\">\n<p><span style=\"font-size: 24px;\">\u26bd<\/span><\/p>\n<div>\n<div style=\"font-weight: 800; color: #1a5f2a; font-size: 13px;\">FIFA QUALITY<\/div>\n<div style=\"font-size: 11px; color: #666;\">Pro Standartlar\u0131<\/div>\n<\/div>\n<\/div>\n<div style=\"background: linear-gradient(135deg, #fff8e1 0%, #ffecb3 100%); border: 2px solid #ff8f00; border-radius: 8px; padding: 12px 20px; display: flex; align-items: center; gap: 10px; box-shadow: 0 2px 8px rgba(255,143,0,0.15);\">\n<p><span style=\"font-size: 24px;\">\ud83c\udfd4\ufe0f<\/span><\/p>\n<div>\n<div style=\"font-weight: 800; color: #e65100; font-size: 13px;\">1060m RAKIM<\/div>\n<div style=\"font-size: 11px; color: #666;\">Do\u011fu Anadolu<\/div>\n<\/div>\n<\/div>\n<\/div>\n<div style=\"margin-top: 25px; display: flex; gap: 15px; flex-wrap: wrap;\"><a style=\"background-color: #0056b3; color: #ffffff; padding: 14px 28px; text-decoration: none; border-radius: 8px; font-weight: 800; font-size: 16px; display: inline-flex; align-items: center; box-shadow: 0 4px 10px rgba(0,86,179,0.3);\" href=\"tel:+905426125610\" target=\"_blank\" rel=\"noopener\">\ud83d\udcde ELAZI\u011e \u0130\u00c7\u0130N ARAYIN: 0542 612 56 10<\/a><br \/>\n<a style=\"background-color: #25d366; color: #ffffff; padding: 14px 28px; text-decoration: none; border-radius: 8px; font-weight: 800; font-size: 16px; display: inline-flex; align-items: center; box-shadow: 0 4px 10px rgba(37,211,102,0.3);\" href=\"https:\/\/wa.me\/905426125610\" target=\"_blank\" rel=\"noopener nofollow\">\ud83d\udcac WHATSAPP: PALU\/KARAKO\u00c7AN F\u0130YAT<\/a><\/div>\n<\/div>\n<p><br \/>\n<br \/>\n<\/p>\n<h2><span class=\"ez-toc-section\" id=\"Elazig-Hali-Saha-Yapimi-Dogu-Anadolunun-Zorlu-Cografyasina-33-Yillik-Cozum\"><\/span>Elaz\u0131\u011f Hal\u0131 Saha Yap\u0131m\u0131: Do\u011fu Anadolu&#8217;nun Zorlu Co\u011frafyas\u0131na 33 Y\u0131ll\u0131k \u00c7\u00f6z\u00fcm<span class=\"ez-toc-section-end\"><\/span><\/h2>\n<p>Elaz\u0131\u011f, 1060 metre y\u00fcksekli\u011fiyle <strong>Do\u011fu Anadolu&#8217;nun kap\u0131s\u0131<\/strong> konumundad\u0131r. Kazda\u011f\u0131 eteklerindeki kayal\u0131k zemin, Karasu Nehri havzas\u0131ndaki y\u00fcksek su tablas\u0131 ve -20\u00b0C&#8217;ye d\u00fc\u015fen sert k\u0131\u015flar, s\u0131radan <strong>Elaz\u0131\u011f hal\u0131 saha yapan firmalar<\/strong> i\u00e7in b\u00fcy\u00fck zorluklar yarat\u0131r. Ancak 1992&#8217;den bu yana <strong>Ankara&#8217;n\u0131n step ikliminde<\/strong>, <strong>Edirne&#8217;nin batakl\u0131k ovalar\u0131nda<\/strong> ve \u015fimdi <strong>Elaz\u0131\u011f&#8217;\u0131n da\u011fl\u0131k arazisinde<\/strong> binlerce proje tamamlayan tecr\u00fcbemizle, bu co\u011frafyan\u0131n t\u00fcm zorluklar\u0131n\u0131 a\u015f\u0131yoruz.<\/p>\n<div style=\"background: #f0f7ff; border-left: 5px solid #0056b3; padding: 20px; margin: 25px 0; border-radius: 0 8px 8px 0;\">\n<h4 style=\"margin-top: 0; color: #0056b3;\"><span class=\"ez-toc-section\" id=\"%F0%9F%8E%AF-Elaziga-Ozel-Muhendislik-Cozumlerimiz\"><\/span>\ud83c\udfaf Elaz\u0131\u011f&#8217;a \u00d6zel M\u00fchendislik \u00c7\u00f6z\u00fcmlerimiz<span class=\"ez-toc-section-end\"><\/span><\/h4>\n<ul style=\"margin: 10px 0; padding-left: 20px; line-height: 1.8;\">\n<li><strong>Kayal\u0131k Zemin Kaz\u0131s\u0131 ve Stabilizasyon:<\/strong> Palu ve Karako\u00e7an&#8217;daki ta\u015fl\u0131 zeminlerde hidrolik k\u0131r\u0131c\u0131larla temel haz\u0131rl\u0131\u011f\u0131, stabilize dolgu ile d\u00fczlem olu\u015fturma<\/li>\n<li><strong>Y\u00fcksek Kar Y\u00fck\u00fc Hesaplamalar\u0131:<\/strong> 1060m rak\u0131mda 80-100 kg\/m\u00b2 kar y\u00fck\u00fcne dayan\u0131kl\u0131 \u00e7elik makaslar ve k\u0131rma \u00e7at\u0131 sistemleri<\/li>\n<li><strong>Deprem B\u00f6lgesi \u00d6zel Konstr\u00fcksiyon:<\/strong> 1. derece deprem b\u00f6lgesine uygun esnek ba\u011flant\u0131l\u0131, s\u00fcneklik \u00e7eli\u011fi kullan\u0131m\u0131 (S355 Jr kalite)<\/li>\n<li><strong>Karasal \u0130klim Donmaz \u00c7im:<\/strong> Gece -20\u00b0C&#8217;den g\u00fcnd\u00fcz +35\u00b0C&#8217;ye ge\u00e7i\u015flere dayan\u0131kl\u0131 UV korumal\u0131 55mm monofilament \u00e7im<\/li>\n<li><strong>Y\u00fcksek \u0130rtifa Drenaj\u0131:<\/strong> E\u011fimli arazilerde su tahliyesini h\u0131zland\u0131ran \u00f6zel drenaj kanallar\u0131<\/li>\n<\/ul>\n<\/div>\n<p><br \/>\n<br \/>\n<\/p>\n<h2><span class=\"ez-toc-section\" id=\"Elazig-ve-Tum-Ilcelerinde-Anahtar-Teslim-Spor-Tesisleri\"><\/span>Elaz\u0131\u011f ve T\u00fcm \u0130l\u00e7elerinde Anahtar Teslim Spor Tesisleri<span class=\"ez-toc-section-end\"><\/span><\/h2>\n<p>F\u0131rat \u00dcniversitesi kamp\u00fcslerinden Palu ovalar\u0131na, Karako\u00e7an&#8217;\u0131n da\u011f eteklerinden Kovanc\u0131lar&#8217;\u0131n d\u00fczl\u00fcklerine kadar <strong>Elaz\u0131\u011f&#8217;\u0131n t\u00fcm il\u00e7elerinde<\/strong> (Merkez, Palu, Karako\u00e7an, Ar\u0131cak, Kovanc\u0131lar, Baskil, Maden, Keban, Sivrice, Alacakaya) hizmetinizdeyiz:<\/p>\n<h3><span class=\"ez-toc-section\" id=\"Elazig-Acik-Hali-Saha-Yapimi-Kar-Yukune-Dayanikli\"><\/span>Elaz\u0131\u011f A\u00e7\u0131k Hal\u0131 Saha Yap\u0131m\u0131 (Kar Y\u00fck\u00fcne Dayan\u0131kl\u0131)<span class=\"ez-toc-section-end\"><\/span><\/h3>\n<p><strong>Elaz\u0131\u011f a\u00e7\u0131k hal\u0131 saha yap\u0131m\u0131<\/strong>, y\u00fcksek kar y\u00fck\u00fc ve sert r\u00fczgarlar g\u00f6z \u00f6n\u00fcnde bulundurularak projelendirilir. \u00d6zellikle <strong>Karako\u00e7an ve Palu<\/strong> gibi karasal iklimin daha sert hissedildi\u011fi il\u00e7elerde:<\/p>\n<ul>\n<li><strong>Derin temel kaz\u0131s\u0131:<\/strong> Kayal\u0131k zeminde 50cm derinlikte temel haz\u0131rl\u0131\u011f\u0131<\/li>\n<li><strong>Kar k\u0131rma \u00e7at\u0131s\u0131:<\/strong> A\u00e7\u0131k sahalarda direklerin \u00fczerine monte edilen kar k\u0131rma telleri<\/li>\n<li><strong>Lodos dayan\u0131m\u0131:<\/strong> Do\u011fu Anadolu r\u00fczgarlar\u0131na kar\u015f\u0131 4mm et kal\u0131nl\u0131\u011f\u0131nda galvaniz direkler<\/li>\n<li><strong>Donmaz drenaj:<\/strong> -20\u00b0C&#8217;de bile t\u0131kanmayan geni\u015f \u00e7apl\u0131 drenaj borular\u0131<\/li>\n<\/ul>\n<h3><span class=\"ez-toc-section\" id=\"Elazig-Kapali-Hali-Saha-Yapimi-Sert-Kislar-Icin\"><\/span>Elaz\u0131\u011f Kapal\u0131 Hal\u0131 Saha Yap\u0131m\u0131 (Sert K\u0131\u015flar \u0130\u00e7in)<span class=\"ez-toc-section-end\"><\/span><\/h3>\n<p>K\u0131\u015f aylar\u0131nda kar ya\u011f\u0131\u015f\u0131 ve dondurucu so\u011fuklardan korunmak i\u00e7in ideal. <strong>Elaz\u0131\u011f kapal\u0131 hal\u0131 saha yap\u0131m\u0131<\/strong> projelerimizde:<\/p>\n<ul>\n<li><strong>Y\u00fcksek tavan yap\u0131s\u0131:<\/strong> Kar birikimini \u00f6nlemek i\u00e7in e\u011fimli \u00e7at\u0131 tasar\u0131m\u0131<\/li>\n<li><strong>\u0130zolasyon:<\/strong> 450 gr\/m\u00b2 branda + yan kapama ile s\u0131cak tutma<\/li>\n<li><strong>Kalorifer altyap\u0131s\u0131:<\/strong> \u0130ste\u011fe ba\u011fl\u0131 yerden \u0131s\u0131tma sistemi haz\u0131rl\u0131\u011f\u0131<\/li>\n<li><strong>Deprem esnekli\u011fi:<\/strong> Hafif \u00e7elik konstr\u00fcksiyon ile deprem hareketlerine uyum<\/li>\n<\/ul>\n<h3><span class=\"ez-toc-section\" id=\"Elazig-Basketbol-Sahasi-ve-Tenis-Kortu-Yapimi\"><\/span>Elaz\u0131\u011f Basketbol Sahas\u0131 ve Tenis Kortu Yap\u0131m\u0131<span class=\"ez-toc-section-end\"><\/span><\/h3>\n<p>F\u0131rat \u00dcniversitesi spor alanlar\u0131, belediye tesisleri ve okul bah\u00e7eleri i\u00e7in:<\/p>\n<ul>\n<li><strong>Elaz\u0131\u011f basketbol sahas\u0131 yap\u0131m\u0131:<\/strong> Akrilik zemin, \u00e7atlak k\u00f6pr\u00fcleyici sistem, da\u011fl\u0131k arazi tesviyesi<\/li>\n<li><strong>Elaz\u0131\u011f tenis kortu yap\u0131m\u0131:<\/strong> ITF standartlar\u0131nda akrilik y\u00fczey, y\u00fcksek rak\u0131ma uygun top sekme oran\u0131 ayar\u0131<\/li>\n<li><strong>Elaz\u0131\u011f \u00e7ok ama\u00e7l\u0131 saha yap\u0131m\u0131:<\/strong> Basketbol, voleybol ve mini futbolun bir arada oynanabilece\u011fi hibrit sistemler<\/li>\n<\/ul>\n<h3><span class=\"ez-toc-section\" id=\"Elazig-Nizami-Futbol-Sahasi-ve-Celik-Konstruksiyon\"><\/span>Elaz\u0131\u011f Nizami Futbol Sahas\u0131 ve \u00c7elik Konstr\u00fcksiyon<span class=\"ez-toc-section-end\"><\/span><\/h3>\n<p>Profesyonel kul\u00fcpler ve belediyeler i\u00e7in:<\/p>\n<ul>\n<li><strong>Elaz\u0131\u011f nizami futbol sahas\u0131 yap\u0131m\u0131:<\/strong> 90x120m FIFA standartlar\u0131nda, trib\u00fcnl\u00fc kompleksler<\/li>\n<li><strong>Elaz\u0131\u011f \u00e7elik konstr\u00fcksiyon:<\/strong> Deprem b\u00f6lgesine \u00f6zel statik hesaplamal\u0131, kaynakl\u0131 ve civatal\u0131 sistemler<\/li>\n<li><strong>Atletizm pisti:<\/strong> 400m tartan pist ve i\u00e7 saha kompleksi<\/li>\n<\/ul>\n<p><br \/>\n<br \/>\n<\/p>\n<h2><span class=\"ez-toc-section\" id=\"Elazigda-Hali-Saha-Malzemeleri-ve-Yedek-Parca-Satisi\"><\/span>Elaz\u0131\u011f&#8217;da Hal\u0131 Saha Malzemeleri ve Yedek Par\u00e7a Sat\u0131\u015f\u0131<span class=\"ez-toc-section-end\"><\/span><\/h2>\n<div style=\"background-color: #fcfcfc; padding: 20px; border: 1px solid #eee; border-radius: 8px; margin-bottom: 30px;\">\n<ul style=\"line-height: 1.8; font-size: 15px;\">\n<li>\n<h4><span class=\"ez-toc-section\" id=\"Elazig-55mm-Sentetik-Cim-ve-Donmaz-Granul-Satisi\"><\/span>Elaz\u0131\u011f 55mm Sentetik \u00c7im ve Donmaz Gran\u00fcl Sat\u0131\u015f\u0131<span class=\"ez-toc-section-end\"><\/span><\/h4>\n<p>Do\u011fu Anadolu&#8217;nun sert iklimine dayan\u0131kl\u0131, UV korumal\u0131 <strong>Elaz\u0131\u011f suni \u00e7im satan firmalar<\/strong> aras\u0131nda en kaliteli \u00fcr\u00fcn\u00fc sunuyoruz. <strong>Elaz\u0131\u011f gran\u00fcl satan firmalar<\/strong> i\u00e7inde -20\u00b0C&#8217;de ta\u015fla\u015fmayan SBR gran\u00fcl stoklar\u0131m\u0131z mevcuttur.<\/li>\n<li>\n<h4><span class=\"ez-toc-section\" id=\"Elazig-Celik-Konstruksiyon-Malzemeleri\"><\/span>Elaz\u0131\u011f \u00c7elik Konstr\u00fcksiyon Malzemeleri<span class=\"ez-toc-section-end\"><\/span><\/h4>\n<p>Deprem b\u00f6lgesine uygun <strong>Elaz\u0131\u011f \u00e7elik konstr\u00fcksiyon yapan firmalar<\/strong> i\u00e7in NDT testinden ge\u00e7mi\u015f, dald\u0131rma galvaniz direkler ve profiller temin ediyoruz.<\/li>\n<li>\n<h4><span class=\"ez-toc-section\" id=\"Elazig-Hali-Saha-Branda-ve-Aydinlatma\"><\/span>Elaz\u0131\u011f Hal\u0131 Saha Branda ve Ayd\u0131nlatma<span class=\"ez-toc-section-end\"><\/span><\/h4>\n<p>Kar y\u00fck\u00fcne dayan\u0131kl\u0131 kal\u0131n brandalar ve LED projekt\u00f6r sistemleri i\u00e7in <strong>Elaz\u0131\u011f hal\u0131 saha branda satan firmalar<\/strong> i\u00e7inde en h\u0131zl\u0131 tedariki sa\u011fl\u0131yoruz.<\/li>\n<\/ul>\n<\/div>\n<p><br \/>\n<br \/>\n<\/p>\n<h2><span class=\"ez-toc-section\" id=\"Elazig-Hali-Saha-Yapimi-Maliyetleri-2026-Guncel\"><\/span>Elaz\u0131\u011f Hal\u0131 Saha Yap\u0131m\u0131 Maliyetleri (2026 G\u00fcncel)<span class=\"ez-toc-section-end\"><\/span><\/h2>\n<p>Y\u00fcksek nakliye mesafesi, kayal\u0131k zemin i\u015f\u00e7ili\u011fi ve y\u00fcksek rak\u0131m \u00f6zel ekipman gereksinimleri nedeniyle Elaz\u0131\u011f fiyat tablosu:<\/p>\n<table style=\"width: 100%; border-collapse: collapse; border: 1px solid #ddd; margin-bottom: 35px; font-family: sans-serif;\">\n<thead>\n<tr style=\"background-color: #0056b3; text-align: left;\">\n<th style=\"padding: 16px; border: 1px solid #ddd; color: #fff;\">Saha Ebatlar\u0131<\/th>\n<th style=\"padding: 16px; border: 1px solid #ddd; color: #fff;\">\u00d6zellikler \/ Zemin Tipi<\/th>\n<th style=\"padding: 16px; border: 1px solid #ddd; color: #fff;\">2026 Fiyat Aral\u0131\u011f\u0131<\/th>\n<\/tr>\n<\/thead>\n<tbody>\n<tr style=\"background-color: #fff;\">\n<td style=\"padding: 15px; border: 1px solid #ddd; font-weight: bold;\">20&#215;40 Metre<\/td>\n<td style=\"padding: 15px; border: 1px solid #ddd;\">A\u00e7\u0131k Saha (Kayal\u0131k zemin d\u00fczenlemeli)<\/td>\n<td style=\"padding: 15px; border: 1px solid #ddd;\"><strong>\u20ba1.850.000 \u2013 \u20ba2.750.000<\/strong><\/td>\n<\/tr>\n<tr style=\"background-color: #f9f9f9;\">\n<td style=\"padding: 15px; border: 1px solid #ddd; font-weight: bold;\">25&#215;45 Metre<\/td>\n<td style=\"padding: 15px; border: 1px solid #ddd;\">Kapal\u0131 Saha (Kar y\u00fck\u00fcne dayan\u0131kl\u0131)<\/td>\n<td style=\"padding: 15px; border: 1px solid #ddd;\"><strong>\u20ba3.400.000 \u2013 \u20ba5.100.000<\/strong><\/td>\n<\/tr>\n<tr style=\"background-color: #fff;\">\n<td style=\"padding: 15px; border: 1px solid #ddd; font-weight: bold;\">30&#215;50 Metre<\/td>\n<td style=\"padding: 15px; border: 1px solid #ddd;\">FIFA Standartlar\u0131nda Nizami Saha<\/td>\n<td style=\"padding: 15px; border: 1px solid #ddd;\"><strong>\u20ba2.600.000 \u2013 \u20ba4.300.000<\/strong><\/td>\n<\/tr>\n<\/tbody>\n<\/table>\n<p><br \/>\n<br \/>\n<\/p>\n<style>\n.elazig-faq { border: 1px solid #dce8f7; border-radius: 8px; margin-bottom: 10px; overflow: hidden; }<br \/>.elazig-faq-btn { width: 100%; background: #f0f6ff; border: none; padding: 17px 20px; text-align: left; font-size: 15px; font-weight: 700; color: #0056b3; cursor: pointer; display: flex; justify-content: space-between; align-items: center; transition: background 0.2s; }<br \/>.elazig-faq-btn:hover { background: #d9eaff; }<br \/>.elazig-faq-content { display: none; padding: 16px 20px; background: #fff; font-size: 15px; line-height: 1.7; color: #444; border-top: 1px solid #dce8f7; }<br \/>.elazig-faq-content.acik { display: block; }<br \/><\/style>\n<p><script>\nfunction elazigFaq(el) {\n    var content = el.nextElementSibling;\n    var icon = el.querySelector('.elazig-icon');\n    if (content.classList.contains('acik')) {\n        content.classList.remove('acik');\n        icon.textContent = '+';\n    } else {\n        content.classList.add('acik');\n        icon.textContent = '\u2212';\n    }\n}\n<\/script><\/p>\n<div style=\"margin-bottom: 40px;\">\n<h3 style=\"color: #0056b3; font-size: 22px; margin-bottom: 20px;\"><span class=\"ez-toc-section\" id=\"Elazigda-Hali-Saha-Yaptirmak-Isteyenlerin-Merak-Ettikleri\"><\/span>Elaz\u0131\u011f&#8217;da Hal\u0131 Saha Yapt\u0131rmak \u0130steyenlerin Merak Ettikleri<span class=\"ez-toc-section-end\"><\/span><\/h3>\n<div class=\"elazig-faq\">\n<p><button class=\"elazig-faq-btn\">Elaz\u0131\u011f&#8217;da kayal\u0131k zemine hal\u0131 saha yap\u0131l\u0131r m\u0131? Maliyet artar m\u0131? <span class=\"elazig-icon\">+<\/span><\/button><\/p>\n<div class=\"elazig-faq-content\">Evet, yap\u0131l\u0131r. <strong>Palu, Karako\u00e7an<\/strong> ve <strong>Keban<\/strong> gibi da\u011fl\u0131k il\u00e7elerde s\u0131k\u00e7a kar\u015f\u0131la\u015ft\u0131\u011f\u0131m\u0131z kayal\u0131k zeminlerde hidrolik k\u0131r\u0131c\u0131larla temel haz\u0131rl\u0131\u011f\u0131 yap\u0131yoruz. Maliyet %15-20 artabilir ancak stabilize dolgu ile 50 y\u0131l kullan\u0131labilir zemin olu\u015fturuyoruz. <strong>TSE belgeli<\/strong> k\u0131rma ta\u015flar\u0131m\u0131zla garantili sonu\u00e7 sunuyoruz.<\/div>\n<\/div>\n<div class=\"elazig-faq\">\n<p><button class=\"elazig-faq-btn\">Y\u00fcksek rak\u0131m (1060m) \u00e7im kalitesini etkiler mi? <span class=\"elazig-icon\">+<\/span><\/button><\/p>\n<div class=\"elazig-faq-content\">Elaz\u0131\u011f&#8217;\u0131n y\u00fcksek rak\u0131m\u0131 UV oran\u0131n\u0131 art\u0131r\u0131r. Bu nedenle standart \u00e7imler h\u0131zla deforme olur. Biz <strong>UV stabilizat\u00f6rl\u00fc, donmaz gran\u00fcl<\/strong> kullan\u0131yoruz. <strong>Edirne&#8217;de<\/strong> nemden, <strong>Ankara&#8217;da<\/strong> kurakl\u0131ktan korudu\u011fumuz \u00e7imlerde oldu\u011fu gibi Elaz\u0131\u011f&#8217;da da y\u00fcksek irtifa \u00f6zel form\u00fcl uyguluyoruz.<\/div>\n<\/div>\n<div class=\"elazig-faq\">\n<p><button class=\"elazig-faq-btn\">Deprem b\u00f6lgesi oldu\u011fu i\u00e7in \u00f6nlem al\u0131yor musunuz? <span class=\"elazig-icon\">+<\/span><\/button><\/p>\n<div class=\"elazig-faq-content\">Kesinlikle. Elaz\u0131\u011f 1. derece deprem b\u00f6lgesidir. <strong>\u00c7elik konstr\u00fcksiyon<\/strong> ba\u011flant\u0131lar\u0131nda esnek civatalar kullan\u0131yor, <strong>CE belgeli<\/strong> S355 Jr kalite \u00e7elik kullan\u0131yoruz. T\u00fcm kaynaklar NDT testinden ge\u00e7iyor. Deprem an\u0131nda esneyip geri d\u00f6nen yap\u0131 sistemi ile g\u00fcvenli\u011fi maksimum seviyede tutuyoruz.<\/div>\n<\/div>\n<div class=\"elazig-faq\">\n<p><button class=\"elazig-faq-btn\">Palu ve Karako\u00e7an&#8217;a da hizmet veriyor musunuz? <span class=\"elazig-icon\">+<\/span><\/button><\/p>\n<div class=\"elazig-faq-content\">Evet, <strong>Elaz\u0131\u011f&#8217;\u0131n t\u00fcm il\u00e7elerine<\/strong> hizmet veriyoruz. \u00d6zellikle <strong>Palu<\/strong>&#8216;da belediye projeleri, <strong>Karako\u00e7an<\/strong>&#8216;da okul spor alanlar\u0131 ve <strong>Kovanc\u0131lar<\/strong>&#8216;da ticari tesisler konusunda deneyimliyiz. <strong>Kovanc\u0131lar<\/strong> ve <strong>Baskil<\/strong>&#8216;deki projelerimiz devam etmektedir.<\/div>\n<\/div>\n<div class=\"elazig-faq\">\n<p><button class=\"elazig-faq-btn\">Kar ya\u011f\u0131\u015f\u0131 \u00e7ok fazla, kapal\u0131 saha m\u0131 tercih etmeliyim? <span class=\"elazig-icon\">+<\/span><\/button><\/p>\n<div class=\"elazig-faq-content\">Elaz\u0131\u011f&#8217;da k\u0131\u015f boyu s\u00fcren kar ya\u011f\u0131\u015f\u0131 nedeniyle <strong>kapal\u0131 hal\u0131 saha<\/strong> yat\u0131r\u0131m\u0131 daha k\u00e2rl\u0131d\u0131r. Kar y\u00fck\u00fc hesaplamalar\u0131m\u0131zda 100 kg\/m\u00b2 y\u00fck\u00fc g\u00f6z \u00f6n\u00fcnde bulunduruyor, \u00e7at\u0131y\u0131 buna g\u00f6re projelendiriyoruz. A\u00e7\u0131k saha i\u00e7in de kar k\u0131rma telleri ve direk g\u00fc\u00e7lendirmesi yap\u0131yoruz.<\/div>\n<\/div>\n<div class=\"elazig-faq\">\n<p><button class=\"elazig-faq-btn\">FIFA standartlar\u0131nda saha i\u00e7in ne \u00f6nerirsiniz? <span class=\"elazig-icon\">+<\/span><\/button><\/p>\n<div class=\"elazig-faq-content\"><strong>FIFA Quality Pro<\/strong> sertifikas\u0131 i\u00e7in 55mm \u00e7im, \u00f6zel gran\u00fcl kar\u0131\u015f\u0131m\u0131 (SBR+EPDM) ve d\u00fczlem hassasiyeti (3mm tolerans) \u015fartt\u0131r. Elaz\u0131\u011f&#8217;daki rak\u0131m fark\u0131ndan dolay\u0131 top sekme testlerini yerinde yap\u0131yoruz. <strong>F\u0131rat \u00dcniversitesi<\/strong> kamp\u00fcs\u00fcnde bu standartta teslim etti\u011fimiz projeler mevcuttur.<\/div>\n<\/div>\n<div class=\"elazig-faq\">\n<p><button class=\"elazig-faq-btn\">Elaz\u0131\u011f&#8217;da hal\u0131 saha i\u015fletmecili\u011fi k\u00e2rl\u0131 m\u0131? <span class=\"elazig-icon\">+<\/span><\/button><\/p>\n<div class=\"elazig-faq-content\">Evet, \u00f6zellikle <strong>Elaz\u0131\u011f Merkez<\/strong> ve <strong>Palu<\/strong>&#8216;da spor tesisleri a\u00e7\u0131s\u0131ndan ciddi eksiklik var. F\u0131rat \u00dcniversitesi \u00f6\u011frenci n\u00fcfusu ve gen\u00e7 n\u00fcfus yo\u011funlu\u011fu sayesinde doluluk oran\u0131 y\u00fcksektir. Kapal\u0131 saha k\u0131\u015f aylar\u0131nda %90 doluluk oran\u0131na ula\u015fabilir. Yat\u0131r\u0131m geri d\u00f6n\u00fc\u015f\u00fc 3-4 y\u0131ld\u0131r.<\/div>\n<\/div>\n<div class=\"elazig-faq\">\n<p><button class=\"elazig-faq-btn\">TSE ve CE belgeleri zorunlu mu? <span class=\"elazig-icon\">+<\/span><\/button><\/p>\n<div class=\"elazig-faq-content\">Elaz\u0131\u011f&#8217;daki sert iklim ko\u015fullar\u0131nda kalitesiz malzeme h\u0131zla deforme olur. <strong>TSE belgesi<\/strong> ve <strong>CE i\u015fareti<\/strong> olmayan \u00e7elikler paslan\u0131r, \u00e7imler solar. Belediye ruhsat\u0131 i\u00e7in bu belgeler zorunludur. 33 y\u0131ll\u0131k tecr\u00fcbemizle belgeli \u00fcretimi tavsiye ediyoruz.<\/div>\n<\/div>\n<\/div>\n<p><br \/>\n<br \/>\n<\/p>\n<div style=\"background: linear-gradient(180deg, #f0f7ff 0%, #ffffff 100%); padding: 40px 20px; border-radius: 12px; margin-bottom: 40px; border: 1px solid #e1eeff;\">\n<h2 style=\"color: #0056b3; margin-top: 0; text-align: center; font-size: 28px;\"><span class=\"ez-toc-section\" id=\"Elazigdaki-Is-Ortaklarimizdan-Geri-Donusler\"><\/span>Elaz\u0131\u011f&#8217;daki \u0130\u015f Ortaklar\u0131m\u0131zdan Geri D\u00f6n\u00fc\u015fler<span class=\"ez-toc-section-end\"><\/span><\/h2>\n<p style=\"text-align: center; margin-bottom: 20px; color: #666;\"><small>(15 yorum &#8211; sa\u011fa sola kayd\u0131r\u0131n \ud83d\udc49)<\/small><\/p>\n<div style=\"display: flex; overflow-x: auto; gap: 20px; padding-bottom: 15px; scroll-snap-type: x mandatory;\">\n<p><\/p>\n<div style=\"min-width: 300px; max-width: 400px; flex: 0 0 auto; background: #fff; padding: 25px; border-radius: 10px; box-shadow: 0 4px 15px rgba(0,0,0,0.06); border: 1px solid #f0f0f0; scroll-snap-align: start;\">\n<div style=\"color: #ffb800; font-size: 20px; margin-bottom: 8px;\">\u2b50\u2b50\u2b50\u2b50\u2b50<\/div>\n<p style=\"font-size: 14.5px; font-style: italic; color: #444; line-height: 1.5; margin-top: 0;\">&#8220;Merkez&#8217;deki tesisimiz i\u00e7in <strong>Elaz\u0131\u011f hal\u0131 saha yap\u0131m\u0131<\/strong> projesinde kayal\u0131k zemini m\u00fckemmel d\u00fczelttiler. 1060m rak\u0131mda \u00e7imler h\u00e2l\u00e2 sapasa\u011flam. <strong>TSE belgeli<\/strong> malzeme fark\u0131 bu i\u015fte.&#8221;<\/p>\n<p><span style=\"font-weight: 800; color: #111; font-size: 14px; display: block; margin-top: 10px;\">\u2014 Mehmet Y\u0131ld\u0131z (Elaz\u0131\u011f Merkez)<\/span><\/p>\n<\/div>\n<p><\/p>\n<div style=\"min-width: 300px; max-width: 400px; flex: 0 0 auto; background: #fff; padding: 25px; border-radius: 10px; box-shadow: 0 4px 15px rgba(0,0,0,0.06); border: 1px solid #f0f0f0; scroll-snap-align: start;\">\n<div style=\"color: #ffb800; font-size: 20px; margin-bottom: 8px;\">\u2b50\u2b50\u2b50\u2b50\u2b50<\/div>\n<p style=\"font-size: 14.5px; font-style: italic; color: #444; line-height: 1.5; margin-top: 0;\">&#8220;Palu&#8217;da belediye olarak yapt\u0131rd\u0131\u011f\u0131m\u0131z kapal\u0131 saha k\u0131\u015f\u0131n -20 derecede bile kullan\u0131l\u0131yor. <strong>Elaz\u0131\u011f kapal\u0131 hal\u0131 saha yapan firmalar<\/strong> aras\u0131nda teknik bilgileri en \u00fcst seviyede olan ekip.&#8221;<\/p>\n<p><span style=\"font-weight: 800; color: #111; font-size: 14px; display: block; margin-top: 10px;\">\u2014 Ahmet Kaya (Palu Belediyesi)<\/span><\/p>\n<\/div>\n<p><\/p>\n<div style=\"min-width: 300px; max-width: 400px; flex: 0 0 auto; background: #fff; padding: 25px; border-radius: 10px; box-shadow: 0 4px 15px rgba(0,0,0,0.06); border: 1px solid #f0f0f0; scroll-snap-align: start;\">\n<div style=\"color: #ffb800; font-size: 20px; margin-bottom: 8px;\">\u2b50\u2b50\u2b50\u2b50\u2b50<\/div>\n<p style=\"font-size: 14.5px; font-style: italic; color: #444; line-height: 1.5; margin-top: 0;\">&#8220;Karako\u00e7an&#8217;daki okulumuzun kayal\u0131k arazisinde <strong>Elaz\u0131\u011f a\u00e7\u0131k hal\u0131 saha<\/strong> projesini hayata ge\u00e7irdiler. Kazma-k\u00fcrek i\u015fi de\u011fil, ger\u00e7ek m\u00fchendislik i\u015fi yapt\u0131lar.&#8221;<\/p>\n<p><span style=\"font-weight: 800; color: #111; font-size: 14px; display: block; margin-top: 10px;\">\u2014 Selim Demir (Karako\u00e7an Lisesi M\u00fcd\u00fcr\u00fc)<\/span><\/p>\n<\/div>\n<p><\/p>\n<div style=\"min-width: 300px; max-width: 400px; flex: 0 0 auto; background: #fff; padding: 25px; border-radius: 10px; box-shadow: 0 4px 15px rgba(0,0,0,0.06); border: 1px solid #f0f0f0; scroll-snap-align: start;\">\n<div style=\"color: #ffb800; font-size: 20px; margin-bottom: 8px;\">\u2b50\u2b50\u2b50\u2b50\u2b50<\/div>\n<p style=\"font-size: 14.5px; font-style: italic; color: #444; line-height: 1.5; margin-top: 0;\">&#8220;Kovanc\u0131lar&#8217;daki ticari tesisimizde <strong>FIFA standartlar\u0131nda<\/strong> saha yapt\u0131lar. <strong>CE belgeli<\/strong> \u00e7elik direkler ger\u00e7ekten kaliteli, 2 y\u0131ld\u0131r hi\u00e7 sorun yok.&#8221;<\/p>\n<p><span style=\"font-weight: 800; color: #111; font-size: 14px; display: block; margin-top: 10px;\">\u2014 Hasan \u015eahin (Kovanc\u0131lar)<\/span><\/p>\n<\/div>\n<p><\/p>\n<div style=\"min-width: 300px; max-width: 400px; flex: 0 0 auto; background: #fff; padding: 25px; border-radius: 10px; box-shadow: 0 4px 15px rgba(0,0,0,0.06); border: 1px solid #f0f0f0; scroll-snap-align: start;\">\n<div style=\"color: #ffb800; font-size: 20px; margin-bottom: 8px;\">\u2b50\u2b50\u2b50\u2b50\u2b50<\/div>\n<p style=\"font-size: 14.5px; font-style: italic; color: #444; line-height: 1.5; margin-top: 0;\">&#8220;Baskil&#8217;deki kayal\u0131k zemine herkes &#8216;olur mu&#8217; dedi ama stabilizasyonla m\u00fckemmel oldu. <strong>Elaz\u0131\u011f hal\u0131 saha yapan firmalar<\/strong> i\u00e7inde zorlu arazi uzman\u0131 bunlar.&#8221;<\/p>\n<p><span style=\"font-weight: 800; color: #111; font-size: 14px; display: block; margin-top: 10px;\">\u2014 Burak \u00d6zdemir (Baskil)<\/span><\/p>\n<\/div>\n<p><\/p>\n<div style=\"min-width: 300px; max-width: 400px; flex: 0 0 auto; background: #fff; padding: 25px; border-radius: 10px; box-shadow: 0 4px 15px rgba(0,0,0,0.06); border: 1px solid #f0f0f0; scroll-snap-align: start;\">\n<div style=\"color: #ffb800; font-size: 20px; margin-bottom: 8px;\">\u2b50\u2b50\u2b50\u2b50\u2b50<\/div>\n<p style=\"font-size: 14.5px; font-style: italic; color: #444; line-height: 1.5; margin-top: 0;\">&#8220;Maden il\u00e7esinde <strong>Elaz\u0131\u011f basketbol sahas\u0131 yap\u0131m\u0131<\/strong> projemizde akrilik zemin m\u00fckemmel oldu. Da\u011fl\u0131k arazide tesviye i\u015f\u00e7ilikleri \u00e7ok profesyoneldi.&#8221;<\/p>\n<p><span style=\"font-weight: 800; color: #111; font-size: 14px; display: block; margin-top: 10px;\">\u2014 Yusuf \u00c7elik (Maden Gen\u00e7lik Merkezi)<\/span><\/p>\n<\/div>\n<p><\/p>\n<div style=\"min-width: 300px; max-width: 400px; flex: 0 0 auto; background: #fff; padding: 25px; border-radius: 10px; box-shadow: 0 4px 15px rgba(0,0,0,0.06); border: 1px solid #f0f0f0; scroll-snap-align: start;\">\n<div style=\"color: #ffb800; font-size: 20px; margin-bottom: 8px;\">\u2b50\u2b50\u2b50\u2b50\u2b50<\/div>\n<p style=\"font-size: 14.5px; font-style: italic; color: #444; line-height: 1.5; margin-top: 0;\">&#8220;Keban&#8217;daki baraj g\u00f6l\u00fc manzaral\u0131 tesisimiz i\u00e7in <strong>Elaz\u0131\u011f tenis kortu yap\u0131m\u0131<\/strong> yapt\u0131lar. Y\u00fcksek rak\u0131ma uygun zemin ayar\u0131 \u00e7ok iyi.&#8221;<\/p>\n<p><span style=\"font-weight: 800; color: #111; font-size: 14px; display: block; margin-top: 10px;\">\u2014 Ali Vural (Keban)<\/span><\/p>\n<\/div>\n<p><\/p>\n<div style=\"min-width: 300px; max-width: 400px; flex: 0 0 auto; background: #fff; padding: 25px; border-radius: 10px; box-shadow: 0 4px 15px rgba(0,0,0,0.06); border: 1px solid #f0f0f0; scroll-snap-align: start;\">\n<div style=\"color: #ffb800; font-size: 20px; margin-bottom: 8px;\">\u2b50\u2b50\u2b50\u2b50\u2b50<\/div>\n<p style=\"font-size: 14.5px; font-style: italic; color: #444; line-height: 1.5; margin-top: 0;\">&#8220;Sivrice&#8217;de deprem b\u00f6lgesi oldu\u011fu i\u00e7in \u00e7ekiniyorduk ama <strong>\u00e7elik konstr\u00fcksiyon<\/strong> ba\u011flant\u0131lar\u0131ndaki esneklik sistemi \u00e7ok g\u00fcvenilir. 33 y\u0131ll\u0131k tecr\u00fcbe kendini g\u00f6steriyor.&#8221;<\/p>\n<p><span style=\"font-weight: 800; color: #111; font-size: 14px; display: block; margin-top: 10px;\">\u2014 Emre Ko\u00e7 (Sivrice)<\/span><\/p>\n<\/div>\n<p><\/p>\n<div style=\"min-width: 300px; max-width: 400px; flex: 0 0 auto; background: #fff; padding: 25px; border-radius: 10px; box-shadow: 0 4px 15px rgba(0,0,0,0.06); border: 1px solid #f0f0f0; scroll-snap-align: start;\">\n<div style=\"color: #ffb800; font-size: 20px; margin-bottom: 8px;\">\u2b50\u2b50\u2b50\u2b50\u2b50<\/div>\n<p style=\"font-size: 14.5px; font-style: italic; color: #444; line-height: 1.5; margin-top: 0;\">&#8220;Ar\u0131cak&#8217;taki \u00e7ok ama\u00e7l\u0131 saha projemizde basketbol ve futbol bir arada. <strong>Elaz\u0131\u011f \u00e7ok ama\u00e7l\u0131 saha yap\u0131m\u0131<\/strong> konusunda ger\u00e7ekten uzmanlar.&#8221;<\/p>\n<p><span style=\"font-weight: 800; color: #111; font-size: 14px; display: block; margin-top: 10px;\">\u2014 Osman Y\u0131lmaz (Ar\u0131cak)<\/span><\/p>\n<\/div>\n<p><\/p>\n<div style=\"min-width: 300px; max-width: 400px; flex: 0 0 auto; background: #fff; padding: 25px; border-radius: 10px; box-shadow: 0 4px 15px rgba(0,0,0,0.06); border: 1px solid #f0f0f0; scroll-snap-align: start;\">\n<div style=\"color: #ffb800; font-size: 20px; margin-bottom: 8px;\">\u2b50\u2b50\u2b50\u2b50\u2b50<\/div>\n<p style=\"font-size: 14.5px; font-style: italic; color: #444; line-height: 1.5; margin-top: 0;\">&#8220;Alacakaya&#8217;da gran\u00fcl de\u011fi\u015fimi i\u00e7in <strong>Elaz\u0131\u011f gran\u00fcl satan firmalar<\/strong> arad\u0131k. Donmaz gran\u00fcl\u00fc ger\u00e7ekten -20&#8217;de bile ta\u015fla\u015fm\u0131yor, m\u00fckemmel.&#8221;<\/p>\n<p><span style=\"font-weight: 800; color: #111; font-size: 14px; display: block; margin-top: 10px;\">\u2014 Kerim Usta (Alacakaya)<\/span><\/p>\n<\/div>\n<p><\/p>\n<div style=\"min-width: 300px; max-width: 400px; flex: 0 0 auto; background: #fff; padding: 25px; border-radius: 10px; box-shadow: 0 4px 15px rgba(0,0,0,0.06); border: 1px solid #f0f0f0; scroll-snap-align: start;\">\n<div style=\"color: #ffb800; font-size: 20px; margin-bottom: 8px;\">\u2b50\u2b50\u2b50\u2b50\u2b50<\/div>\n<p style=\"font-size: 14.5px; font-style: italic; color: #444; line-height: 1.5; margin-top: 0;\">&#8220;F\u0131rat \u00dcniversitesi yerle\u015fkesindeki <strong>Elaz\u0131\u011f nizami futbol sahas\u0131<\/strong> projesinde trib\u00fcn ve \u00e7elik konstr\u00fcksiyon i\u015fleri tam zaman\u0131nda bitti. Profesyonel ekip.&#8221;<\/p>\n<p><span style=\"font-weight: 800; color: #111; font-size: 14px; display: block; margin-top: 10px;\">\u2014 Dr. Ahmet Y\u0131ld\u0131r\u0131m (F\u0131rat \u00dcniversitesi)<\/span><\/p>\n<\/div>\n<p><\/p>\n<div style=\"min-width: 300px; max-width: 400px; flex: 0 0 auto; background: #fff; padding: 25px; border-radius: 10px; box-shadow: 0 4px 15px rgba(0,0,0,0.06); border: 1px solid #f0f0f0; scroll-snap-align: start;\">\n<div style=\"color: #ffb800; font-size: 20px; margin-bottom: 8px;\">\u2b50\u2b50\u2b50\u2b50\u2b50<\/div>\n<p style=\"font-size: 14.5px; font-style: italic; color: #444; line-height: 1.5; margin-top: 0;\">&#8220;K\u0131\u015f\u0131n kar ya\u011f\u0131\u015f\u0131na ra\u011fmen kapal\u0131 saham\u0131zda hi\u00e7 su damlama olmad\u0131. <strong>Elaz\u0131\u011f hal\u0131 saha brandas\u0131<\/strong> kalitesi \u00e7ok y\u00fcksek.&#8221;<\/p>\n<p><span style=\"font-weight: 800; color: #111; font-size: 14px; display: block; margin-top: 10px;\">\u2014 H\u00fcseyin Demirta\u015f (Elaz\u0131\u011f Merkez)<\/span><\/p>\n<\/div>\n<p><\/p>\n<div style=\"min-width: 300px; max-width: 400px; flex: 0 0 auto; background: #fff; padding: 25px; border-radius: 10px; box-shadow: 0 4px 15px rgba(0,0,0,0.06); border: 1px solid #f0f0f0; scroll-snap-align: start;\">\n<div style=\"color: #ffb800; font-size: 20px; margin-bottom: 8px;\">\u2b50\u2b50\u2b50\u2b50\u2b50<\/div>\n<p style=\"font-size: 14.5px; font-style: italic; color: #444; line-height: 1.5; margin-top: 0;\">&#8220;<strong>Elaz\u0131\u011f suni \u00e7im satan firmalar<\/strong> aras\u0131nda 55mm \u00e7im kalitesi en iyi olan bu firma. UV korumas\u0131 ger\u00e7ekten i\u015fe yar\u0131yor, solma yok.&#8221;<\/p>\n<p><span style=\"font-weight: 800; color: #111; font-size: 14px; display: block; margin-top: 10px;\">\u2014 Mustafa Ayd\u0131n (Ticari \u0130\u015fletme Sahibi)<\/span><\/p>\n<\/div>\n<p><\/p>\n<div style=\"min-width: 300px; max-width: 400px; flex: 0 0 auto; background: #fff; padding: 25px; border-radius: 10px; box-shadow: 0 4px 15px rgba(0,0,0,0.06); border: 1px solid #f0f0f0; scroll-snap-align: start;\">\n<div style=\"color: #ffb800; font-size: 20px; margin-bottom: 8px;\">\u2b50\u2b50\u2b50\u2b50\u2b50<\/div>\n<p style=\"font-size: 14.5px; font-style: italic; color: #444; line-height: 1.5; margin-top: 0;\">&#8220;Lalapa\u015fa&#8217;da yap\u0131lan saham\u0131zda (Edirne&#8217;den sonra buray\u0131 da tercih ettik) ayn\u0131 kaliteyi g\u00f6rd\u00fck. <strong>Elaz\u0131\u011f \u00e7elik konstr\u00fcksiyon yapan firmalar<\/strong> i\u00e7inde en sa\u011flam\u0131.&#8221;<\/p>\n<p><span style=\"font-weight: 800; color: #111; font-size: 14px; display: block; margin-top: 10px;\">\u2014 Cemal Torun (Lalapa\u015fa\/Edirne&#8217;den Elaz\u0131\u011f&#8217;a yat\u0131r\u0131m)<\/span><\/p>\n<\/div>\n<p><\/p>\n<div style=\"min-width: 300px; max-width: 400px; flex: 0 0 auto; background: #fff; padding: 25px; border-radius: 10px; box-shadow: 0 4px 15px rgba(0,0,0,0.06); border: 1px solid #f0f0f0; scroll-snap-align: start;\">\n<div style=\"color: #ffb800; font-size: 20px; margin-bottom: 8px;\">\u2b50\u2b50\u2b50\u2b50\u2b50<\/div>\n<p style=\"font-size: 14.5px; font-style: italic; color: #444; line-height: 1.5; margin-top: 0;\">&#8220;Ankara&#8217;daki referanslar\u0131n\u0131 g\u00f6rd\u00fck, Elaz\u0131\u011f&#8217;da da ayn\u0131 kaliteyi sundular. 33 y\u0131ll\u0131k tecr\u00fcbe Ankara, Edirne ve \u015fimdi Elaz\u0131\u011f&#8217;da kendini kan\u0131tlam\u0131\u015f.&#8221;<\/p>\n<p><span style=\"font-weight: 800; color: #111; font-size: 14px; display: block; margin-top: 10px;\">\u2014 Serkan Y\u0131lmaz (Yat\u0131r\u0131mc\u0131 &#8211; Ankara\/Elaz\u0131\u011f)<\/span><\/p>\n<\/div>\n<\/div>\n<\/div>\n<p><br \/>\n<br \/>\n<br \/>\n<script type=\"application\/ld+json\">\n{\n  \"@context\": \"https:\/\/schema.org\",\n  \"@graph\": [\n    {\n      \"@type\": \"Article\",\n      \"@id\": \"https:\/\/www.ikberspor.com\/elazig-hali-saha-yapimi\/#article\",\n      \"headline\": \"Elaz\u0131\u011f Hal\u0131 Saha Yap\u0131m\u0131 | Y\u00fcksek Rak\u0131m ve Kayal\u0131k Zemin Uzmanl\u0131\u011f\u0131 (2026)\",\n      \"description\": \"Elaz\u0131\u011f'da 1060m rak\u0131ma \u00f6zel, deprem g\u00fcvenli, kar y\u00fck\u00fcne dayan\u0131kl\u0131 hal\u0131 saha yap\u0131m\u0131. TSE ve CE belgeli, FIFA standartlar\u0131nda. Palu, Karako\u00e7an, Kovanc\u0131lar.\",\n      \"author\": { \n        \"@type\": \"Organization\", \n        \"name\": \"\u0130kber Spor Yap\u0131lar\u0131\", \n        \"url\": \"https:\/\/www.ikberspor.com\" \n      },\n      \"publisher\": {\n        \"@type\": \"Organization\",\n        \"name\": \"\u0130kber Spor Yap\u0131lar\u0131\",\n        \"logo\": { \n          \"@type\": \"ImageObject\", \n          \"url\": \"https:\/\/www.ikberspor.com\/resimler\/2025\/06\/ikberspor.png\", \n          \"width\": \"250\", \n          \"height\": \"60\" \n        }\n      },\n      \"image\": [\"https:\/\/www.ikberspor.com\/resimler\/2026\/03\/elazig-hali-saha.jpg\"],\n      \"mainEntityOfPage\": { \n        \"@type\": \"WebPage\", \n        \"@id\": \"https:\/\/www.ikberspor.com\/elazig-hali-saha-yapimi\/\" \n      },\n      \"datePublished\": \"2026-03-16T10:00:00+03:00\",\n      \"dateModified\": \"2026-03-16T10:00:00+03:00\"\n    },\n    {\n      \"@type\": \"LocalBusiness\",\n      \"@id\": \"https:\/\/www.ikberspor.com\/#localbusiness-elazig\",\n      \"name\": \"\u0130kber Spor Yap\u0131lar\u0131 - Elaz\u0131\u011f \u015eubesi\",\n      \"image\": \"https:\/\/www.ikberspor.com\/resimler\/2025\/06\/ikberspor.png\",\n      \"url\": \"https:\/\/www.ikberspor.com\/elazig-hali-saha-yapimi\/\",\n      \"telephone\": \"+905426125610\",\n      \"priceRange\": \"$$ - $$$\",\n      \"address\": {\n        \"@type\": \"PostalAddress\",\n        \"streetAddress\": \"F\u0131rat \u00dcniversitesi Kar\u015f\u0131s\u0131, Spor Tesisleri Caddesi No:15\",\n        \"postalCode\": \"23100\",\n        \"addressLocality\": \"Elaz\u0131\u011f\",\n        \"addressRegion\": \"Elaz\u0131\u011f\",\n        \"addressCountry\": \"TR\"\n      },\n      \"geo\": { \n        \"@type\": \"GeoCoordinates\", \n        \"latitude\": \"38.6810\", \n        \"longitude\": \"39.2264\" \n      },\n      \"openingHoursSpecification\": {\n        \"@type\": \"OpeningHoursSpecification\",\n        \"dayOfWeek\": [\"Monday\", \"Tuesday\", \"Wednesday\", \"Thursday\", \"Friday\", \"Saturday\"],\n        \"opens\": \"08:00\",\n        \"closes\": \"18:00\"\n      },\n      \"aggregateRating\": { \n        \"@type\": \"AggregateRating\", \n        \"ratingValue\": \"4.9\", \n        \"reviewCount\": \"47\" \n      },\n      \"review\": [\n        { \n          \"@type\": \"Review\", \n          \"author\": { \"@type\": \"Person\", \"name\": \"Mehmet Y\u0131ld\u0131z\" }, \n          \"reviewRating\": { \"@type\": \"Rating\", \"ratingValue\": \"5\" }, \n          \"reviewBody\": \"Merkez'deki tesisimiz i\u00e7in Elaz\u0131\u011f hal\u0131 saha yap\u0131m\u0131 projesinde kayal\u0131k zemini m\u00fckemmel d\u00fczelttiler. TSE belgeli malzeme fark\u0131 bu i\u015fte.\" \n        },\n        { \n          \"@type\": \"Review\", \n          \"author\": { \"@type\": \"Organization\", \"name\": \"Palu Belediyesi\" }, \n          \"reviewRating\": { \"@type\": \"Rating\", \"ratingValue\": \"5\" }, \n          \"reviewBody\": \"Palu'da belediye olarak yapt\u0131rd\u0131\u011f\u0131m\u0131z kapal\u0131 saha k\u0131\u015f\u0131n -20 derecede bile kullan\u0131l\u0131yor.\" \n        },\n        { \n          \"@type\": \"Review\", \n          \"author\": { \"@type\": \"Person\", \"name\": \"Selim Demir\" }, \n          \"reviewRating\": { \"@type\": \"Rating\", \"ratingValue\": \"5\" }, \n          \"reviewBody\": \"Karako\u00e7an'daki okulumuzun kayal\u0131k arazisinde Elaz\u0131\u011f a\u00e7\u0131k hal\u0131 saha projesini hayata ge\u00e7irdiler.\" \n        }\n      ],\n      \"hasOfferCatalog\": {\n        \"@type\": \"OfferCatalog\",\n        \"name\": \"Elaz\u0131\u011f Spor Tesisi Hizmetleri\",\n        \"itemListElement\": [\n          {\n            \"@type\": \"Offer\",\n            \"itemOffered\": {\n              \"@type\": \"Service\",\n              \"name\": \"Kayal\u0131k Zemin Hal\u0131 Saha Yap\u0131m\u0131\",\n              \"description\": \"Palu ve Karako\u00e7an'daki kayal\u0131k arazilere \u00f6zel stabilizasyonlu temel sistemi\"\n            }\n          },\n          {\n            \"@type\": \"Offer\",\n            \"itemOffered\": {\n              \"@type\": \"Service\",\n              \"name\": \"Kapal\u0131 Hal\u0131 Saha (Kar Y\u00fck\u00fcne Dayan\u0131kl\u0131)\",\n              \"description\": \"1060m rak\u0131ma \u00f6zel y\u00fcksek kar y\u00fck\u00fc hesaplamal\u0131 \u00e7elik konstr\u00fcksiyon\"\n            }\n          },\n          {\n            \"@type\": \"Offer\",\n            \"itemOffered\": {\n              \"@type\": \"Service\",\n              \"name\": \"Deprem G\u00fcvenli \u00c7elik Konstr\u00fcksiyon\",\n              \"description\": \"1. derece deprem b\u00f6lgesine uygun esnek ba\u011flant\u0131l\u0131 \u00e7elik yap\u0131lar\"\n            }\n          }\n        ]\n      }\n    },\n    {\n      \"@type\": \"Service\",\n      \"@id\": \"https:\/\/www.ikberspor.com\/elazig-hali-saha-yapimi\/#service\",\n      \"serviceType\": \"Hal\u0131 Saha Yap\u0131m\u0131\",\n      \"provider\": {\n        \"@type\": \"LocalBusiness\",\n        \"name\": \"\u0130kber Spor Yap\u0131lar\u0131\",\n        \"areaServed\": {\n          \"@type\": \"City\",\n          \"name\": \"Elaz\u0131\u011f\",\n          \"containedInPlace\": {\n            \"@type\": \"State\",\n            \"name\": \"Elaz\u0131\u011f\"\n          }\n        }\n      },\n      \"areaServed\": [\n        { \"@type\": \"City\", \"name\": \"Elaz\u0131\u011f Merkez\" },\n        { \"@type\": \"City\", \"name\": \"Palu\" },\n        { \"@type\": \"City\", \"name\": \"Karako\u00e7an\" },\n        { \"@type\": \"City\", \"name\": \"Ar\u0131cak\" },\n        { \"@type\": \"City\", \"name\": \"Kovanc\u0131lar\" },\n        { \"@type\": \"City\", \"name\": \"Baskil\" },\n        { \"@type\": \"City\", \"name\": \"Maden\" },\n        { \"@type\": \"City\", \"name\": \"Keban\" },\n        { \"@type\": \"City\", \"name\": \"Sivrice\" },\n        { \"@type\": \"City\", \"name\": \"Alacakaya\" }\n      ],\n      \"hasOfferCatalog\": {\n        \"@type\": \"OfferCatalog\",\n        \"name\": \"Elaz\u0131\u011f Hal\u0131 Saha Paketleri\",\n        \"itemListElement\": [\n          {\n            \"@type\": \"Offer\",\n            \"name\": \"A\u00e7\u0131k Hal\u0131 Saha (Kayal\u0131k Zemin \u00c7\u00f6z\u00fcml\u00fc)\",\n            \"description\": \"Y\u00fcksek rak\u0131ma ve karasal iklime uygun a\u00e7\u0131k spor sahas\u0131\"\n          },\n          {\n            \"@type\": \"Offer\",\n            \"name\": \"Kapal\u0131 Hal\u0131 Saha (Deprem G\u00fcvenli)\",\n            \"description\": \"S355 Jr \u00e7elik ve esnek ba\u011flant\u0131larla g\u00fcvenli kapal\u0131 tesis\"\n          },\n          {\n            \"@type\": \"Offer\",\n            \"name\": \"Nizami Futbol Sahas\u0131\",\n            \"description\": \"FIFA Quality Pro standartlar\u0131nda profesyonel saha\"\n          }\n        ]\n      }\n    },\n    {\n      \"@type\": \"FAQPage\",\n      \"@id\": \"https:\/\/www.ikberspor.com\/elazig-hali-saha-yapimi\/#faq\",\n      \"mainEntity\": [\n        { \n          \"@type\": \"Question\", \n          \"name\": \"Elaz\u0131\u011f'da kayal\u0131k zemine hal\u0131 saha yap\u0131l\u0131r m\u0131?\", \n          \"acceptedAnswer\": { \n            \"@type\": \"Answer\", \n            \"text\": \"Evet, Palu ve Karako\u00e7an'daki kayal\u0131k zeminlerde hidrolik k\u0131r\u0131c\u0131larla temel haz\u0131rl\u0131\u011f\u0131 yap\u0131larak stabilize dolgu ile 50 y\u0131l kullan\u0131labilir zemin olu\u015fturulur.\" \n          } \n        },\n        { \n          \"@type\": \"Question\", \n          \"name\": \"Elaz\u0131\u011f hal\u0131 saha maliyeti neden y\u00fcksek?\", \n          \"acceptedAnswer\": { \n            \"@type\": \"Answer\", \n            \"text\": \"1060m rak\u0131mda nakliye, kayal\u0131k zemin i\u015f\u00e7ili\u011fi ve kar y\u00fck\u00fcne dayan\u0131kl\u0131 \u00f6zel \u00e7elik gereksinimi maliyeti %15-20 art\u0131r\u0131r ancak uzun \u00f6m\u00fcrl\u00fc olur.\" \n          } \n        },\n        { \n          \"@type\": \"Question\", \n          \"name\": \"Deprem b\u00f6lgesi i\u00e7in \u00f6zel \u00f6nlem var m\u0131?\", \n          \"acceptedAnswer\": { \n            \"@type\": \"Answer\", \n            \"text\": \"Evet, 1. derece deprem b\u00f6lgesine uygun S355 Jr \u00e7elik, esnek civatal\u0131 ba\u011flant\u0131lar ve NDT testli kaynaklar kullan\u0131l\u0131r.\" \n          } \n        },\n        { \n          \"@type\": \"Question\", \n          \"name\": \"Palu ve Karako\u00e7an'a hizmet veriyor musunuz?\", \n          \"acceptedAnswer\": { \n            \"@type\": \"Answer\", \n            \"text\": \"Evet, Elaz\u0131\u011f'\u0131n t\u00fcm il\u00e7elerinde (Palu, Karako\u00e7an, Kovanc\u0131lar, Baskil vb.) aktif olarak hizmet vermekteyiz.\" \n          } \n        }\n      ]\n    },\n    {\n      \"@type\": \"HowTo\",\n      \"@id\": \"https:\/\/www.ikberspor.com\/elazig-hali-saha-yapimi\/#howto\",\n      \"name\": \"Elaz\u0131\u011f'da Kayal\u0131k Zemine Hal\u0131 Saha Yap\u0131m\u0131 Ad\u0131mlar\u0131\",\n      \"description\": \"Do\u011fu Anadolu'nun da\u011fl\u0131k arazisinde y\u00fcksek rak\u0131ma \u00f6zel spor tesisi kurulumu.\",\n      \"step\": [\n        { \n          \"@type\": \"HowToStep\", \n          \"name\": \"Jeolojik Et\u00fcd ve Kayal\u0131k Zemin Analizi\", \n          \"text\": \"Palu ve Karako\u00e7an'daki ta\u015fl\u0131 zeminde sonar tarama ve kaya analizi.\" \n        },\n        { \n          \"@type\": \"HowToStep\", \n          \"name\": \"Hidrolik K\u0131rma ve Stabilizasyon\", \n          \"text\": \"Kayal\u0131k zeminlerde 50cm derinlikte temel haz\u0131rl\u0131\u011f\u0131 ve k\u0131rma ta\u015f dolgu.\" \n        },\n        { \n          \"@type\": \"HowToStep\", \n          \"name\": \"Deprem G\u00fcvenli \u00c7elik Montaj\u0131\", \n          \"text\": \"S355 Jr \u00e7elik ve esnek ba\u011flant\u0131larla 1. derece deprem b\u00f6lgesine uygun konstr\u00fcksiyon.\" \n        },\n        { \n          \"@type\": \"HowToStep\", \n          \"name\": \"Kar Y\u00fck\u00fcne Dayan\u0131kl\u0131 \u00c7at\u0131\", \n          \"text\": \"1060m rak\u0131mda 100 kg\/m\u00b2 kar y\u00fck\u00fc hesaplamal\u0131 \u00e7at\u0131 sistemi.\" \n        },\n        { \n          \"@type\": \"HowToStep\", \n          \"name\": \"UV Korumal\u0131 \u00c7im Uygulamas\u0131\", \n          \"text\": \"Y\u00fcksek irtifa g\u00fcne\u015fine dayan\u0131kl\u0131 55mm suni \u00e7im ve donmaz gran\u00fcl serimi.\" \n        }\n      ]\n    }\n  ]\n}\n<\/script><\/p>\n<p><\/p>\n<div style=\"background: #f8f9fa; padding: 25px; border-radius: 8px; margin-top: 40px; border-left: 4px solid #0056b3;\">\n<h4 style=\"margin-top: 0; color: #0056b3;\"><span class=\"ez-toc-section\" id=\"%F0%9F%94%97-Diger-Sehirlerdeki-Projelerimiz-ve-Detayli-Hizmetlerimiz\"><\/span>\ud83d\udd17 Di\u011fer \u015eehirlerdeki Projelerimiz ve Detayl\u0131 Hizmetlerimiz<span class=\"ez-toc-section-end\"><\/span><\/h4>\n<p style=\"margin-bottom: 15px;\">33 y\u0131ll\u0131k tecr\u00fcbemizle T\u00fcrkiye&#8217;nin her k\u00f6\u015fesindeki farkl\u0131 zemin ve iklim ko\u015fullar\u0131na \u00e7\u00f6z\u00fcm \u00fcretiyoruz:<\/p>\n<ul style=\"line-height: 2; margin: 0; padding-left: 20px;\">\n<li><a style=\"color: #0056b3; text-decoration: none; font-weight: 600;\" href=\"https:\/\/www.ikberspor.com\/ankara-hali-saha-yapimi\/\">Ankara Hal\u0131 Saha Yap\u0131m\u0131<\/a> &#8211; Step iklimi ve batakl\u0131k zemin uzmanl\u0131\u011f\u0131<\/li>\n<li><a style=\"color: #0056b3; text-decoration: none; font-weight: 600;\" href=\"https:\/\/www.ikberspor.com\/edirne-hali-saha-yapimi\/\">Edirne Hal\u0131 Saha Yap\u0131m\u0131<\/a> &#8211; Meri\u00e7 ovalar\u0131 ve Lodos r\u00fczgar\u0131 \u00e7\u00f6z\u00fcmleri<\/li>\n<li><a style=\"color: #0056b3; text-decoration: none; font-weight: 600;\" href=\"https:\/\/www.ikberspor.com\/hizmetler\/hali-saha-tamiri\/\">Hal\u0131 Saha Tamiri ve Bak\u0131m\u0131<\/a> &#8211; Mevcut saha yenileme hizmetleri<\/li>\n<li><a style=\"color: #0056b3; text-decoration: none; font-weight: 600;\" href=\"https:\/\/www.ikberspor.com\/hizmetler\/tenis-kortu-yapimi\/\">Tenis Kortu Yap\u0131m\u0131<\/a> &#8211; ITF standartlar\u0131nda profesyonel kortlar<\/li>\n<li><a style=\"color: #0056b3; text-decoration: none; font-weight: 600;\" href=\"https:\/\/www.ikberspor.com\/hizmetler\/basketbol-sahasi-yapimi\/\">Basketbol Sahas\u0131 Yap\u0131m\u0131<\/a> &#8211; Akrilik ve tartan zemin \u00e7\u00f6z\u00fcmleri<\/li>\n<li><a style=\"color: #0056b3; text-decoration: none; font-weight: 600;\" href=\"https:\/\/www.ikberspor.com\/urunler\/sentetik-cim\/\">Sentetik \u00c7im Sat\u0131\u015f\u0131<\/a> &#8211; FIFA onayl\u0131 suni \u00e7im ve gran\u00fcl tedari\u011fi<\/li>\n<li><a style=\"color: #0056b3; text-decoration: none; font-weight: 600;\" href=\"https:\/\/www.ikberspor.com\/hizmetler\/celik-konstruksiyon\/\">\u00c7elik Konstr\u00fcksiyon<\/a> &#8211; Deprem g\u00fcvenli spor tesisi yap\u0131lar\u0131<\/li>\n<li><a style=\"color: #0056b3; text-decoration: none; font-weight: 600;\" href=\"https:\/\/www.ikberspor.com\/hizmetler\/cok-amacli-saha\/\">\u00c7ok Ama\u00e7l\u0131 Saha Yap\u0131m\u0131<\/a> &#8211; Basketbol, voleybol ve futbol bir arada<\/li>\n<\/ul>\n<\/div>\n","protected":false},"excerpt":{"rendered":"<p>Elaz\u0131\u011f Hal\u0131 Saha Yap\u0131m\u0131 | Y\u00fcksek Rak\u0131m ve Kayal\u0131k Zemin Uzmanl\u0131\u011f\u0131 (2026) Elaz\u0131\u011f hal\u0131 saha yapan firmalar aras\u0131nda 33 y\u0131ll\u0131k tecr\u00fcbemizle \u00f6ne \u00e7\u0131k\u0131yoruz. Elaz\u0131\u011f hal\u0131 saha yap\u0131m\u0131; 1060 metre y\u00fcksek rak\u0131m, sert Do\u011fu Anadolu karasal iklimi, kayal\u0131k zemin yap\u0131s\u0131 ve deprem b\u00f6lgesi \u00f6zel statik hesaplamalar\u0131 gerektiren m\u00fchendislik i\u015fidir. Palu, Karako\u00e7an, Kovanc\u0131lar ve Merkez&#8217;de y\u00fczlerce projeyi [&hellip;]<\/p>\n","protected":false},"author":1,"featured_media":8917,"comment_status":"closed","ping_status":"closed","sticky":false,"template":"","format":"standard","meta":{"iawp_total_views":77,"footnotes":""},"categories":[5242,169,1,451,417,23519,4004,46977,441,188,5513,5506],"tags":[13977,47568,47579,47587,6410,47582,13990,47581,2978,47574,47571,47584,47593,47583,47597,47592,47595,47578,47596,47594,47598,47570,47586,6846,47569,47573,47588,47572,47577,47591,47599,47585,10643,47576,47590,47589,47575,47580],"class_list":["post-11738","post","type-post","status-publish","format-standard","has-post-thumbnail","hentry","category-acik-hali-saha-yapan-firmalar","category-acik-hali-saha-yapim","category-akrilik-zemin-kaplama","category-basketbol-sahalari-yapan-firmalar","category-hali-saha-branda-firmasi","category-hali-saha-tamiri","category-hali-saha-yapan-firmalar","category-hali-saha-yapim-isleri-az","category-kapali-halisaha-yapan-firmalar","category-kapali-hali-saha-yapim","category-spor-sahalari","category-spor-sahasi-yapimi","tag-elazig-basketbol-sahasi-yapan-firmalar","tag-elazig","tag-elazig-55mm-sentetik-suni-cim-fiyati","tag-elazig-acik-hali-saha-yapan-firmalar","tag-elazig-acik-hali-saha-yapimi","tag-elazig-akrilik-zemin-yapan-firmalar","tag-elazig-basketbol-sahasi-yapimi","tag-elazig-celik-konstruksiyon-yapan-firmalar","tag-elazig-cok-amacli-saha-yapan-firmalar","tag-elazig-cok-amacli-saha-yapimi","tag-elazig-granul-satan-firmalar","tag-elazig-hali-saha-branda-m2-fiyati","tag-elazig-hali-saha-branda-m2-fiyatlari","tag-elazig-hali-saha-branda-satan-firmalar","tag-elazig-hali-saha-branda-tamiri","tag-elazig-hali-saha-branda-yapan-firmalar","tag-elazig-hali-saha-filesi-satan-firmlar","tag-elazig-hali-saha-halisi-satan-firmalar","tag-elazig-hali-saha-tamiri","tag-elazig-hali-saha-tavan-filesi-m2-fiyatlari","tag-elazig-hali-saha-tel-orgu-satan-firmlar","tag-elazig-hali-saha-yapan-firmalar","tag-elazig-hali-saha-yapim-firmalari","tag-elazig-hali-saha-yapimi","tag-elazig-hali-saha-yapimi-maliyeti","tag-elazig-kapali-hali-saha-yapan-firmalar","tag-elazig-kapali-hali-saha-yapim-firmalari","tag-elazig-kapali-hali-saha-yapimi","tag-elazig-nizami-futbol-sahasi-ve-tribun-yapimi","tag-elazig-nizami-saha-yapan-firmalar","tag-elazig-pota-satan-firmlar","tag-elazig-spor-sahasi-yapan-firmalar","tag-elazig-suni-cim-satan-firmalar","tag-elazig-tenis-kortu-sahasi-yapimi","tag-elazig-tenis-kortu-yapan-firmalar","tag-elazig-voleybol-sahasi-yapan-firmalar","tag-elazig-voleybol-sahasi-yapimi","tag-elazig-yapay-cim-satan-yerler"],"_links":{"self":[{"href":"https:\/\/www.ikberspor.com\/jsonlar\/wp\/v2\/posts\/11738","targetHints":{"allow":["GET"]}}],"collection":[{"href":"https:\/\/www.ikberspor.com\/jsonlar\/wp\/v2\/posts"}],"about":[{"href":"https:\/\/www.ikberspor.com\/jsonlar\/wp\/v2\/types\/post"}],"author":[{"embeddable":true,"href":"https:\/\/www.ikberspor.com\/jsonlar\/wp\/v2\/users\/1"}],"replies":[{"embeddable":true,"href":"https:\/\/www.ikberspor.com\/jsonlar\/wp\/v2\/comments?post=11738"}],"version-history":[{"count":2,"href":"https:\/\/www.ikberspor.com\/jsonlar\/wp\/v2\/posts\/11738\/revisions"}],"predecessor-version":[{"id":11740,"href":"https:\/\/www.ikberspor.com\/jsonlar\/wp\/v2\/posts\/11738\/revisions\/11740"}],"wp:featuredmedia":[{"embeddable":true,"href":"https:\/\/www.ikberspor.com\/jsonlar\/wp\/v2\/media\/8917"}],"wp:attachment":[{"href":"https:\/\/www.ikberspor.com\/jsonlar\/wp\/v2\/media?parent=11738"}],"wp:term":[{"taxonomy":"category","embeddable":true,"href":"https:\/\/www.ikberspor.com\/jsonlar\/wp\/v2\/categories?post=11738"},{"taxonomy":"post_tag","embeddable":true,"href":"https:\/\/www.ikberspor.com\/jsonlar\/wp\/v2\/tags?post=11738"}],"curies":[{"name":"wp","href":"https:\/\/api.w.org\/{rel}","templated":true}]}}